{"id":755,"date":"2025-06-25T10:41:00","date_gmt":"2025-06-25T13:41:00","guid":{"rendered":"https:\/\/www.centroimobiliario.com.br\/blog\/?p=755"},"modified":"2025-08-12T10:42:04","modified_gmt":"2025-08-12T13:42:04","slug":"instagram-25-06-2025","status":"publish","type":"post","link":"https:\/\/www.centroimobiliario.com.br\/blog\/instagram-25-06-2025\/","title":{"rendered":"Instagram &#8211; 25\/06\/2025"},"content":{"rendered":"","protected":false},"excerpt":{"rendered":"","protected":false},"author":1,"featured_media":756,"comment_status":"open","ping_status":"open","sticky":false,"template":"","format":"standard","meta":{"footnotes":""},"categories":[31],"tags":[19],"class_list":["post-755","post","type-post","status-publish","format-standard","has-post-thumbnail","hentry","category-link-na-bio","tag-imovel"],"yoast_head":"<!-- This site is optimized with the Yoast SEO plugin v25.9 - https:\/\/yoast.com\/wordpress\/plugins\/seo\/ -->\n<title>Instagram - 25\/06\/2025 - Centro Imobili\u00e1rio - Blog<\/title>\n<meta name=\"robots\" content=\"index, follow, max-snippet:-1, max-image-preview:large, max-video-preview:-1\" \/>\n<link rel=\"canonical\" href=\"https:\/\/www.centroimobiliario.com.br\/blog\/instagram-25-06-2025\/\" \/>\n<meta property=\"og:locale\" content=\"pt_BR\" \/>\n<meta property=\"og:type\" content=\"article\" \/>\n<meta property=\"og:title\" content=\"Instagram - 25\/06\/2025 - Centro Imobili\u00e1rio - Blog\" \/>\n<meta property=\"og:url\" content=\"https:\/\/www.centroimobiliario.com.br\/blog\/instagram-25-06-2025\/\" \/>\n<meta property=\"og:site_name\" content=\"Centro Imobili\u00e1rio - Blog\" \/>\n<meta property=\"article:published_time\" content=\"2025-06-25T13:41:00+00:00\" \/>\n<meta property=\"article:modified_time\" content=\"2025-08-12T13:42:04+00:00\" \/>\n<meta property=\"og:image\" content=\"https:\/\/www.centroimobiliario.com.br\/blog\/wp-content\/uploads\/2025\/08\/Captura-de-tela-2025-08-12-104023.png\" \/>\n\t<meta property=\"og:image:width\" content=\"307\" \/>\n\t<meta property=\"og:image:height\" content=\"410\" \/>\n\t<meta property=\"og:image:type\" content=\"image\/png\" \/>\n<meta name=\"author\" content=\"Gabriel M. Versuti\" \/>\n<meta name=\"twitter:card\" content=\"summary_large_image\" \/>\n<meta name=\"twitter:label1\" content=\"Escrito por\" \/>\n\t<meta name=\"twitter:data1\" content=\"Gabriel M. Versuti\" \/>\n\t<meta name=\"twitter:label2\" content=\"Est. tempo de leitura\" \/>\n\t<meta name=\"twitter:data2\" content=\"1 minuto\" \/>\n<script type=\"application\/ld+json\" class=\"yoast-schema-graph\">{\"@context\":\"https:\/\/schema.org\",\"@graph\":[{\"@type\":\"Article\",\"@id\":\"https:\/\/www.centroimobiliario.com.br\/blog\/instagram-25-06-2025\/#article\",\"isPartOf\":{\"@id\":\"https:\/\/www.centroimobiliario.com.br\/blog\/instagram-25-06-2025\/\"},\"author\":{\"name\":\"Gabriel M. Versuti\",\"@id\":\"https:\/\/www.centroimobiliario.com.br\/blog\/#\/schema\/person\/c9128b11e74c06826cc367cb78da7bf9\"},\"headline\":\"Instagram &#8211; 25\/06\/2025\",\"datePublished\":\"2025-06-25T13:41:00+00:00\",\"dateModified\":\"2025-08-12T13:42:04+00:00\",\"mainEntityOfPage\":{\"@id\":\"https:\/\/www.centroimobiliario.com.br\/blog\/instagram-25-06-2025\/\"},\"wordCount\":2,\"commentCount\":0,\"publisher\":{\"@id\":\"https:\/\/www.centroimobiliario.com.br\/blog\/#organization\"},\"image\":{\"@id\":\"https:\/\/www.centroimobiliario.com.br\/blog\/instagram-25-06-2025\/#primaryimage\"},\"thumbnailUrl\":\"https:\/\/www.centroimobiliario.com.br\/blog\/wp-content\/uploads\/2025\/08\/Captura-de-tela-2025-08-12-104023.png\",\"keywords\":[\"im\u00f3vel\"],\"articleSection\":[\"Link na Bio\"],\"inLanguage\":\"pt-BR\",\"potentialAction\":[{\"@type\":\"CommentAction\",\"name\":\"Comment\",\"target\":[\"https:\/\/www.centroimobiliario.com.br\/blog\/instagram-25-06-2025\/#respond\"]}]},{\"@type\":\"WebPage\",\"@id\":\"https:\/\/www.centroimobiliario.com.br\/blog\/instagram-25-06-2025\/\",\"url\":\"https:\/\/www.centroimobiliario.com.br\/blog\/instagram-25-06-2025\/\",\"name\":\"Instagram - 25\/06\/2025 - Centro Imobili\u00e1rio - Blog\",\"isPartOf\":{\"@id\":\"https:\/\/www.centroimobiliario.com.br\/blog\/#website\"},\"primaryImageOfPage\":{\"@id\":\"https:\/\/www.centroimobiliario.com.br\/blog\/instagram-25-06-2025\/#primaryimage\"},\"image\":{\"@id\":\"https:\/\/www.centroimobiliario.com.br\/blog\/instagram-25-06-2025\/#primaryimage\"},\"thumbnailUrl\":\"https:\/\/www.centroimobiliario.com.br\/blog\/wp-content\/uploads\/2025\/08\/Captura-de-tela-2025-08-12-104023.png\",\"datePublished\":\"2025-06-25T13:41:00+00:00\",\"dateModified\":\"2025-08-12T13:42:04+00:00\",\"breadcrumb\":{\"@id\":\"https:\/\/www.centroimobiliario.com.br\/blog\/instagram-25-06-2025\/#breadcrumb\"},\"inLanguage\":\"pt-BR\",\"potentialAction\":[{\"@type\":\"ReadAction\",\"target\":[\"https:\/\/www.centroimobiliario.com.br\/blog\/instagram-25-06-2025\/\"]}]},{\"@type\":\"ImageObject\",\"inLanguage\":\"pt-BR\",\"@id\":\"https:\/\/www.centroimobiliario.com.br\/blog\/instagram-25-06-2025\/#primaryimage\",\"url\":\"https:\/\/www.centroimobiliario.com.br\/blog\/wp-content\/uploads\/2025\/08\/Captura-de-tela-2025-08-12-104023.png\",\"contentUrl\":\"https:\/\/www.centroimobiliario.com.br\/blog\/wp-content\/uploads\/2025\/08\/Captura-de-tela-2025-08-12-104023.png\",\"width\":307,\"height\":410},{\"@type\":\"BreadcrumbList\",\"@id\":\"https:\/\/www.centroimobiliario.com.br\/blog\/instagram-25-06-2025\/#breadcrumb\",\"itemListElement\":[{\"@type\":\"ListItem\",\"position\":1,\"name\":\"Home\",\"item\":\"https:\/\/www.centroimobiliario.com.br\/blog\/\"},{\"@type\":\"ListItem\",\"position\":2,\"name\":\"Instagram &#8211; 25\/06\/2025\"}]},{\"@type\":\"WebSite\",\"@id\":\"https:\/\/www.centroimobiliario.com.br\/blog\/#website\",\"url\":\"https:\/\/www.centroimobiliario.com.br\/blog\/\",\"name\":\"Centro Imobili\u00e1rio - Blog\",\"description\":\"\",\"publisher\":{\"@id\":\"https:\/\/www.centroimobiliario.com.br\/blog\/#organization\"},\"potentialAction\":[{\"@type\":\"SearchAction\",\"target\":{\"@type\":\"EntryPoint\",\"urlTemplate\":\"https:\/\/www.centroimobiliario.com.br\/blog\/?s={search_term_string}\"},\"query-input\":{\"@type\":\"PropertyValueSpecification\",\"valueRequired\":true,\"valueName\":\"search_term_string\"}}],\"inLanguage\":\"pt-BR\"},{\"@type\":\"Organization\",\"@id\":\"https:\/\/www.centroimobiliario.com.br\/blog\/#organization\",\"name\":\"Centro Imobili\u00e1rio - Blog\",\"url\":\"https:\/\/www.centroimobiliario.com.br\/blog\/\",\"logo\":{\"@type\":\"ImageObject\",\"inLanguage\":\"pt-BR\",\"@id\":\"https:\/\/www.centroimobiliario.com.br\/blog\/#\/schema\/logo\/image\/\",\"url\":\"https:\/\/www.centroimobiliario.com.br\/blog\/wp-content\/uploads\/2025\/01\/CI-azul.png\",\"contentUrl\":\"https:\/\/www.centroimobiliario.com.br\/blog\/wp-content\/uploads\/2025\/01\/CI-azul.png\",\"width\":600,\"height\":160,\"caption\":\"Centro Imobili\u00e1rio - Blog\"},\"image\":{\"@id\":\"https:\/\/www.centroimobiliario.com.br\/blog\/#\/schema\/logo\/image\/\"}},{\"@type\":\"Person\",\"@id\":\"https:\/\/www.centroimobiliario.com.br\/blog\/#\/schema\/person\/c9128b11e74c06826cc367cb78da7bf9\",\"name\":\"Gabriel M. Versuti\",\"image\":{\"@type\":\"ImageObject\",\"inLanguage\":\"pt-BR\",\"@id\":\"https:\/\/www.centroimobiliario.com.br\/blog\/#\/schema\/person\/image\/\",\"url\":\"https:\/\/secure.gravatar.com\/avatar\/232713e4c2755469bab9337a6582a6e16924ef4d2858cfc4fc29dc44798a23e9?s=96&d=mm&r=g\",\"contentUrl\":\"https:\/\/secure.gravatar.com\/avatar\/232713e4c2755469bab9337a6582a6e16924ef4d2858cfc4fc29dc44798a23e9?s=96&d=mm&r=g\",\"caption\":\"Gabriel M. Versuti\"},\"description\":\"Gabriel comanda o marketing do Centro Imobili\u00e1rio, onde transforma a experi\u00eancia de mais de 20 anos da marca em conte\u00fado pensado para quem quer tomar boas decis\u00f5es na hora de comprar ou vender um im\u00f3vel em Peru\u00edbe - com clareza, transpar\u00eancia e um olhar atento aos detalhes.\",\"sameAs\":[\"http:\/\/www.centroimobiliario.com.br\/blog\"],\"url\":\"https:\/\/www.centroimobiliario.com.br\/blog\/author\/gabriel\/\"}]}<\/script>\n<!-- \/ Yoast SEO plugin. -->","yoast_head_json":{"title":"Instagram - 25\/06\/2025 - Centro Imobili\u00e1rio - Blog","robots":{"index":"index","follow":"follow","max-snippet":"max-snippet:-1","max-image-preview":"max-image-preview:large","max-video-preview":"max-video-preview:-1"},"canonical":"https:\/\/www.centroimobiliario.com.br\/blog\/instagram-25-06-2025\/","og_locale":"pt_BR","og_type":"article","og_title":"Instagram - 25\/06\/2025 - Centro Imobili\u00e1rio - Blog","og_url":"https:\/\/www.centroimobiliario.com.br\/blog\/instagram-25-06-2025\/","og_site_name":"Centro Imobili\u00e1rio - Blog","article_published_time":"2025-06-25T13:41:00+00:00","article_modified_time":"2025-08-12T13:42:04+00:00","og_image":[{"width":307,"height":410,"url":"https:\/\/www.centroimobiliario.com.br\/blog\/wp-content\/uploads\/2025\/08\/Captura-de-tela-2025-08-12-104023.png","type":"image\/png"}],"author":"Gabriel M. Versuti","twitter_card":"summary_large_image","twitter_misc":{"Escrito por":"Gabriel M. Versuti","Est. tempo de leitura":"1 minuto"},"schema":{"@context":"https:\/\/schema.org","@graph":[{"@type":"Article","@id":"https:\/\/www.centroimobiliario.com.br\/blog\/instagram-25-06-2025\/#article","isPartOf":{"@id":"https:\/\/www.centroimobiliario.com.br\/blog\/instagram-25-06-2025\/"},"author":{"name":"Gabriel M. Versuti","@id":"https:\/\/www.centroimobiliario.com.br\/blog\/#\/schema\/person\/c9128b11e74c06826cc367cb78da7bf9"},"headline":"Instagram &#8211; 25\/06\/2025","datePublished":"2025-06-25T13:41:00+00:00","dateModified":"2025-08-12T13:42:04+00:00","mainEntityOfPage":{"@id":"https:\/\/www.centroimobiliario.com.br\/blog\/instagram-25-06-2025\/"},"wordCount":2,"commentCount":0,"publisher":{"@id":"https:\/\/www.centroimobiliario.com.br\/blog\/#organization"},"image":{"@id":"https:\/\/www.centroimobiliario.com.br\/blog\/instagram-25-06-2025\/#primaryimage"},"thumbnailUrl":"https:\/\/www.centroimobiliario.com.br\/blog\/wp-content\/uploads\/2025\/08\/Captura-de-tela-2025-08-12-104023.png","keywords":["im\u00f3vel"],"articleSection":["Link na Bio"],"inLanguage":"pt-BR","potentialAction":[{"@type":"CommentAction","name":"Comment","target":["https:\/\/www.centroimobiliario.com.br\/blog\/instagram-25-06-2025\/#respond"]}]},{"@type":"WebPage","@id":"https:\/\/www.centroimobiliario.com.br\/blog\/instagram-25-06-2025\/","url":"https:\/\/www.centroimobiliario.com.br\/blog\/instagram-25-06-2025\/","name":"Instagram - 25\/06\/2025 - Centro Imobili\u00e1rio - Blog","isPartOf":{"@id":"https:\/\/www.centroimobiliario.com.br\/blog\/#website"},"primaryImageOfPage":{"@id":"https:\/\/www.centroimobiliario.com.br\/blog\/instagram-25-06-2025\/#primaryimage"},"image":{"@id":"https:\/\/www.centroimobiliario.com.br\/blog\/instagram-25-06-2025\/#primaryimage"},"thumbnailUrl":"https:\/\/www.centroimobiliario.com.br\/blog\/wp-content\/uploads\/2025\/08\/Captura-de-tela-2025-08-12-104023.png","datePublished":"2025-06-25T13:41:00+00:00","dateModified":"2025-08-12T13:42:04+00:00","breadcrumb":{"@id":"https:\/\/www.centroimobiliario.com.br\/blog\/instagram-25-06-2025\/#breadcrumb"},"inLanguage":"pt-BR","potentialAction":[{"@type":"ReadAction","target":["https:\/\/www.centroimobiliario.com.br\/blog\/instagram-25-06-2025\/"]}]},{"@type":"ImageObject","inLanguage":"pt-BR","@id":"https:\/\/www.centroimobiliario.com.br\/blog\/instagram-25-06-2025\/#primaryimage","url":"https:\/\/www.centroimobiliario.com.br\/blog\/wp-content\/uploads\/2025\/08\/Captura-de-tela-2025-08-12-104023.png","contentUrl":"https:\/\/www.centroimobiliario.com.br\/blog\/wp-content\/uploads\/2025\/08\/Captura-de-tela-2025-08-12-104023.png","width":307,"height":410},{"@type":"BreadcrumbList","@id":"https:\/\/www.centroimobiliario.com.br\/blog\/instagram-25-06-2025\/#breadcrumb","itemListElement":[{"@type":"ListItem","position":1,"name":"Home","item":"https:\/\/www.centroimobiliario.com.br\/blog\/"},{"@type":"ListItem","position":2,"name":"Instagram &#8211; 25\/06\/2025"}]},{"@type":"WebSite","@id":"https:\/\/www.centroimobiliario.com.br\/blog\/#website","url":"https:\/\/www.centroimobiliario.com.br\/blog\/","name":"Centro Imobili\u00e1rio - Blog","description":"","publisher":{"@id":"https:\/\/www.centroimobiliario.com.br\/blog\/#organization"},"potentialAction":[{"@type":"SearchAction","target":{"@type":"EntryPoint","urlTemplate":"https:\/\/www.centroimobiliario.com.br\/blog\/?s={search_term_string}"},"query-input":{"@type":"PropertyValueSpecification","valueRequired":true,"valueName":"search_term_string"}}],"inLanguage":"pt-BR"},{"@type":"Organization","@id":"https:\/\/www.centroimobiliario.com.br\/blog\/#organization","name":"Centro Imobili\u00e1rio - Blog","url":"https:\/\/www.centroimobiliario.com.br\/blog\/","logo":{"@type":"ImageObject","inLanguage":"pt-BR","@id":"https:\/\/www.centroimobiliario.com.br\/blog\/#\/schema\/logo\/image\/","url":"https:\/\/www.centroimobiliario.com.br\/blog\/wp-content\/uploads\/2025\/01\/CI-azul.png","contentUrl":"https:\/\/www.centroimobiliario.com.br\/blog\/wp-content\/uploads\/2025\/01\/CI-azul.png","width":600,"height":160,"caption":"Centro Imobili\u00e1rio - Blog"},"image":{"@id":"https:\/\/www.centroimobiliario.com.br\/blog\/#\/schema\/logo\/image\/"}},{"@type":"Person","@id":"https:\/\/www.centroimobiliario.com.br\/blog\/#\/schema\/person\/c9128b11e74c06826cc367cb78da7bf9","name":"Gabriel M. Versuti","image":{"@type":"ImageObject","inLanguage":"pt-BR","@id":"https:\/\/www.centroimobiliario.com.br\/blog\/#\/schema\/person\/image\/","url":"https:\/\/secure.gravatar.com\/avatar\/232713e4c2755469bab9337a6582a6e16924ef4d2858cfc4fc29dc44798a23e9?s=96&d=mm&r=g","contentUrl":"https:\/\/secure.gravatar.com\/avatar\/232713e4c2755469bab9337a6582a6e16924ef4d2858cfc4fc29dc44798a23e9?s=96&d=mm&r=g","caption":"Gabriel M. Versuti"},"description":"Gabriel comanda o marketing do Centro Imobili\u00e1rio, onde transforma a experi\u00eancia de mais de 20 anos da marca em conte\u00fado pensado para quem quer tomar boas decis\u00f5es na hora de comprar ou vender um im\u00f3vel em Peru\u00edbe - com clareza, transpar\u00eancia e um olhar atento aos detalhes.","sameAs":["http:\/\/www.centroimobiliario.com.br\/blog"],"url":"https:\/\/www.centroimobiliario.com.br\/blog\/author\/gabriel\/"}]}},"_links":{"self":[{"href":"https:\/\/www.centroimobiliario.com.br\/blog\/wp-json\/wp\/v2\/posts\/755","targetHints":{"allow":["GET"]}}],"collection":[{"href":"https:\/\/www.centroimobiliario.com.br\/blog\/wp-json\/wp\/v2\/posts"}],"about":[{"href":"https:\/\/www.centroimobiliario.com.br\/blog\/wp-json\/wp\/v2\/types\/post"}],"author":[{"embeddable":true,"href":"https:\/\/www.centroimobiliario.com.br\/blog\/wp-json\/wp\/v2\/users\/1"}],"replies":[{"embeddable":true,"href":"https:\/\/www.centroimobiliario.com.br\/blog\/wp-json\/wp\/v2\/comments?post=755"}],"version-history":[{"count":1,"href":"https:\/\/www.centroimobiliario.com.br\/blog\/wp-json\/wp\/v2\/posts\/755\/revisions"}],"predecessor-version":[{"id":757,"href":"https:\/\/www.centroimobiliario.com.br\/blog\/wp-json\/wp\/v2\/posts\/755\/revisions\/757"}],"wp:featuredmedia":[{"embeddable":true,"href":"https:\/\/www.centroimobiliario.com.br\/blog\/wp-json\/wp\/v2\/media\/756"}],"wp:attachment":[{"href":"https:\/\/www.centroimobiliario.com.br\/blog\/wp-json\/wp\/v2\/media?parent=755"}],"wp:term":[{"taxonomy":"category","embeddable":true,"href":"https:\/\/www.centroimobiliario.com.br\/blog\/wp-json\/wp\/v2\/categories?post=755"},{"taxonomy":"post_tag","embeddable":true,"href":"https:\/\/www.centroimobiliario.com.br\/blog\/wp-json\/wp\/v2\/tags?post=755"}],"curies":[{"name":"wp","href":"https:\/\/api.w.org\/{rel}","templated":true}]}}